{"id":110,"date":"2023-07-20T16:12:58","date_gmt":"2023-07-20T14:12:58","guid":{"rendered":"https:\/\/agorae-paris-saclay.fr\/?p=110"},"modified":"2023-07-21T16:38:38","modified_gmt":"2023-07-21T14:38:38","slug":"actualites","status":"publish","type":"post","link":"https:\/\/agorae-paris-saclay.fr\/index.php\/2023\/07\/20\/actualites\/","title":{"rendered":"L&rsquo;AGORA\u00e9 change de local"},"content":{"rendered":"\n<p>Bonjour \u00e0 tous ! Ce grand projet a enfin abouti, l&rsquo;AGORA\u00e9 d\u00e9m\u00e9nage au b\u00e2timent 237 dans un tout nouveau local ! Nous avons h\u00e2te de vous y retrouver et de se l&rsquo;approprier ensemble.<\/p>\n","protected":false},"excerpt":{"rendered":"<p>Restez inform\u00e9.e.s de tous les \u00e9v\u00e9nements \u00e0 venir et pass\u00e9s de l&rsquo;AGORA\u00e9 Paris-Saclay !<\/p>\n","protected":false},"author":1,"featured_media":152,"comment_status":"closed","ping_status":"closed","sticky":false,"template":"","format":"standard","meta":[],"categories":[],"tags":[15,14],"_links":{"self":[{"href":"https:\/\/agorae-paris-saclay.fr\/index.php\/wp-json\/wp\/v2\/posts\/110"}],"collection":[{"href":"https:\/\/agorae-paris-saclay.fr\/index.php\/wp-json\/wp\/v2\/posts"}],"about":[{"href":"https:\/\/agorae-paris-saclay.fr\/index.php\/wp-json\/wp\/v2\/types\/post"}],"author":[{"embeddable":true,"href":"https:\/\/agorae-paris-saclay.fr\/index.php\/wp-json\/wp\/v2\/users\/1"}],"replies":[{"embeddable":true,"href":"https:\/\/agorae-paris-saclay.fr\/index.php\/wp-json\/wp\/v2\/comments?post=110"}],"version-history":[{"count":6,"href":"https:\/\/agorae-paris-saclay.fr\/index.php\/wp-json\/wp\/v2\/posts\/110\/revisions"}],"predecessor-version":[{"id":234,"href":"https:\/\/agorae-paris-saclay.fr\/index.php\/wp-json\/wp\/v2\/posts\/110\/revisions\/234"}],"wp:featuredmedia":[{"embeddable":true,"href":"https:\/\/agorae-paris-saclay.fr\/index.php\/wp-json\/wp\/v2\/media\/152"}],"wp:attachment":[{"href":"https:\/\/agorae-paris-saclay.fr\/index.php\/wp-json\/wp\/v2\/media?parent=110"}],"wp:term":[{"taxonomy":"category","embeddable":true,"href":"https:\/\/agorae-paris-saclay.fr\/index.php\/wp-json\/wp\/v2\/categories?post=110"},{"taxonomy":"post_tag","embeddable":true,"href":"https:\/\/agorae-paris-saclay.fr\/index.php\/wp-json\/wp\/v2\/tags?post=110"}],"curies":[{"name":"wp","href":"https:\/\/api.w.org\/{rel}","templated":true}]}}